{"id":393,"date":"2023-04-04T13:23:17","date_gmt":"2023-04-04T13:23:17","guid":{"rendered":"http:\/\/noticiasenred.net\/?p=393"},"modified":"2023-04-04T13:23:17","modified_gmt":"2023-04-04T13:23:17","slug":"doble-femicidio-aprehendieron-al-principal-sospechoso-y-lo-trasladaron-a-una-comisaria","status":"publish","type":"post","link":"https:\/\/noticiasenred.net\/index.php\/2023\/04\/04\/doble-femicidio-aprehendieron-al-principal-sospechoso-y-lo-trasladaron-a-una-comisaria\/","title":{"rendered":"DOBLE FEMICIDIO: APREHENDIERON AL PRINCIPAL SOSPECHOSO Y LO TRASLADARON A UNA COMISAR\u00cdA"},"content":{"rendered":"\n<p>Ramiro Salas es acusado del asesinato de su pareja Romina Groff y su t\u00eda Gladis Salas.\u00a0<\/p>\n\n\n\n<figure class=\"wp-block-image size-full\"><img loading=\"lazy\" width=\"770\" height=\"440\" src=\"https:\/\/noticiasenred.net\/wp-content\/uploads\/2023\/04\/1680572279235.webp\" alt=\"\" class=\"wp-image-394\" srcset=\"https:\/\/noticiasenred.net\/wp-content\/uploads\/2023\/04\/1680572279235.webp 770w, https:\/\/noticiasenred.net\/wp-content\/uploads\/2023\/04\/1680572279235-300x171.webp 300w, https:\/\/noticiasenred.net\/wp-content\/uploads\/2023\/04\/1680572279235-768x439.webp 768w\" sizes=\"(max-width: 770px) 100vw, 770px\" \/><\/figure>\n\n\n\n<p>Ramiro Luis Salas (40) recibi\u00f3 el alta m\u00e9dica y fue alojado en la Comisar\u00eda Octava en car\u00e1cter de aprhendido acusado de los asesinatos de su pareja &nbsp;Romina Groff (36) y Gladis Eloisa Salas (61), t\u00eda del sindicado autor del doble femicidio en el barrio Villa Raquel que conmociona a Corrientes.<\/p>\n\n\n\n<p>La fiscal Sonia Meza dio a conocer que ayer se formaliz\u00f3 el arresto de Salas que se encontraba internado en el Hospital Escuela con heridas que \u00e9l mismo se hab\u00eda provocado, con la intenci\u00f3n de suicidarse en la noche del s\u00e1bado, tras el fatal desenlace.<\/p>\n\n\n\n<p>En tanto, de acuerdo con las primeras investigaciones y los informes de las autopsias practicadas a los cuerpos de las v\u00edctimas, ambas fueron asesinadascon un objeto contundente.<\/p>\n\n\n\n<p>\u201cEn el d\u00eda de ma\u00f1ana (por hoy) se le leer\u00e1 la imputaci\u00f3n al detenido, que habr\u00eda golpeado con un elemento contundente\u201d.<\/p>\n\n\n\n<p>Respecto a denuncias previas contra el acusado, la doctora Meza, dijo que \u201cdenuncias previas no ten\u00eda, pero estamos investigando si ten\u00eda alguna exposici\u00f3n en su contra\u201d.<\/p>\n\n\n\n<p>Por \u00faltimo, sobre el lugar donde encontraron al presunto femicida, la fiscal de investigaci\u00f3n, detall\u00f3: \u201cLa Polic\u00eda lo encontr\u00f3 encerrado en una de las habitaciones de la casa, estaba herido, y debieron romper la puerta para sacarlo\u201d.<\/p>\n\n\n\n<p>En tanto se pudo conocer que Romina Groff ten\u00eda dos hijos, un menor de 4 a\u00f1os con Salas y otro de 17 a\u00f1os de su antigua pareja.&nbsp;<\/p>\n\n\n\n<p>Ninguno de los dos estaba en la casa al momento de la violenta agresi\u00f3n. El m\u00e1s peque\u00f1o hab\u00eda sido dejado en la casa de sus abuelos.<\/p>\n\n\n\n<p>Groff est\u00e1 siendo velada en una sala ubicada por avenida Independencia al 4500.<\/p>\n\n\n\n<p><strong>La causa&nbsp;<\/strong><\/p>\n\n\n\n<p>El sangriento episodio se produjo el s\u00e1bado a la tarde en una casa ubicada en calle Andaluc\u00eda al 3000, entre avenida Chacabuco y Reconquista de esta ciudad.<\/p>\n\n\n\n<p>Alrededor de las 17.30, vecinos de la zona decidieron llamar a la Polic\u00eda ante los gritos desesperados de auxilio de las mujeres.<\/p>\n\n\n\n<p>Un patrullero de la Comisar\u00eda Octava lleg\u00f3 hasta el lugar. Los polic\u00edas llamaron insistentemente en el frente de la vivienda y ante el silencio rotundo, decidieron ingresar a la fuerza.<\/p>\n\n\n\n<p>Al abrir la puerta del frente, se encontraron con dos mujeres en el suelo, ya sin vida. Ambas presentaban golpes y lesiones. Los cuerpos fueron trasladados al Instituto M\u00e9dico Forense, para la autopsia.<\/p>\n\n\n\n<p>Vecinos de la zona contaron a la Polic\u00eda que escucharon gritos, insultos y discusiones en el interior de la vivienda antes de que el patrullero llegara. En la propiedad solo estaban las dos mujeres y el hombre. Se desconocen los pormenores del caso.<\/p>\n","protected":false},"excerpt":{"rendered":"<p>Ramiro Salas es acusado del asesinato de su pareja Romina Groff y su t\u00eda Gladis Salas.\u00a0 Ramiro Luis Salas (40) recibi\u00f3 el alta m\u00e9dica y fue alojado en la Comisar\u00eda Octava en car\u00e1cter de aprhendido acusado de los asesinatos de su pareja &nbsp;Romina Groff (36) y Gladis Eloisa Salas (61), t\u00eda del sindicado autor del [&hellip;]<\/p>\n","protected":false},"author":1,"featured_media":394,"comment_status":"open","ping_status":"open","sticky":false,"template":"","format":"standard","meta":{"_monsterinsights_skip_tracking":false,"_monsterinsights_sitenote_active":false,"_monsterinsights_sitenote_note":"","_monsterinsights_sitenote_category":0},"categories":[1],"tags":[],"_links":{"self":[{"href":"https:\/\/noticiasenred.net\/index.php\/wp-json\/wp\/v2\/posts\/393"}],"collection":[{"href":"https:\/\/noticiasenred.net\/index.php\/wp-json\/wp\/v2\/posts"}],"about":[{"href":"https:\/\/noticiasenred.net\/index.php\/wp-json\/wp\/v2\/types\/post"}],"author":[{"embeddable":true,"href":"https:\/\/noticiasenred.net\/index.php\/wp-json\/wp\/v2\/users\/1"}],"replies":[{"embeddable":true,"href":"https:\/\/noticiasenred.net\/index.php\/wp-json\/wp\/v2\/comments?post=393"}],"version-history":[{"count":1,"href":"https:\/\/noticiasenred.net\/index.php\/wp-json\/wp\/v2\/posts\/393\/revisions"}],"predecessor-version":[{"id":395,"href":"https:\/\/noticiasenred.net\/index.php\/wp-json\/wp\/v2\/posts\/393\/revisions\/395"}],"wp:featuredmedia":[{"embeddable":true,"href":"https:\/\/noticiasenred.net\/index.php\/wp-json\/wp\/v2\/media\/394"}],"wp:attachment":[{"href":"https:\/\/noticiasenred.net\/index.php\/wp-json\/wp\/v2\/media?parent=393"}],"wp:term":[{"taxonomy":"category","embeddable":true,"href":"https:\/\/noticiasenred.net\/index.php\/wp-json\/wp\/v2\/categories?post=393"},{"taxonomy":"post_tag","embeddable":true,"href":"https:\/\/noticiasenred.net\/index.php\/wp-json\/wp\/v2\/tags?post=393"}],"curies":[{"name":"wp","href":"https:\/\/api.w.org\/{rel}","templated":true}]}}