{"id":370,"date":"2023-03-03T14:13:55","date_gmt":"2023-03-03T14:13:55","guid":{"rendered":"http:\/\/noticiasenred.net\/?p=370"},"modified":"2023-03-03T14:13:55","modified_gmt":"2023-03-03T14:13:55","slug":"emergencia-agropecuaria-valdes-pidio-la-homologacion-urgente","status":"publish","type":"post","link":"https:\/\/noticiasenred.net\/index.php\/2023\/03\/03\/emergencia-agropecuaria-valdes-pidio-la-homologacion-urgente\/","title":{"rendered":"EMERGENCIA AGROPECUARIA: VALD\u00c9S PIDI\u00d3 LA HOMOLOGACI\u00d3N &#8220;URGENTE&#8221;"},"content":{"rendered":"\n<p>Gustavo Vald\u00e9s hizo el pedido \u201curgente\u201d y afirm\u00f3 en Twitter que \u201ces fundamental para que los productores afectados accedan a beneficios fiscales\u201d. Record\u00f3 que la decisi\u00f3n se plasm\u00f3 en el Decreto 3771\/22. \u00a0<\/p>\n\n\n\n<figure class=\"wp-block-image size-full\"><img loading=\"lazy\" width=\"700\" height=\"393\" src=\"https:\/\/noticiasenred.net\/wp-content\/uploads\/2023\/03\/116209.jpg_nota.jpg\" alt=\"\" class=\"wp-image-371\" srcset=\"https:\/\/noticiasenred.net\/wp-content\/uploads\/2023\/03\/116209.jpg_nota.jpg 700w, https:\/\/noticiasenred.net\/wp-content\/uploads\/2023\/03\/116209.jpg_nota-300x168.jpg 300w\" sizes=\"(max-width: 700px) 100vw, 700px\" \/><\/figure>\n\n\n\n<p>El Gobernador de Corrientes public\u00f3 un tuit en el que reclam\u00f3 al Gobierno nacional \u201cque homologue la pr\u00f3rroga de la Emergencia Agropecuaria en Corrientes\u201d. Agreg\u00f3 que fue \u201cestablecida mediante decreto N\u00ba3771\/22\u201d.<\/p>\n\n\n\n<p>En el mismo comunicado, el mandatario indica que es \u201cfundamental para que los productores rurales afectados por sequ\u00edas e incendios accedan a los beneficios fiscales de AFIP\u201d.<\/p>\n\n\n\n<p><\/p>\n","protected":false},"excerpt":{"rendered":"<p>Gustavo Vald\u00e9s hizo el pedido \u201curgente\u201d y afirm\u00f3 en Twitter que \u201ces fundamental para que los productores afectados accedan a beneficios fiscales\u201d. Record\u00f3 que la decisi\u00f3n se plasm\u00f3 en el Decreto 3771\/22. \u00a0 El Gobernador de Corrientes public\u00f3 un tuit en el que reclam\u00f3 al Gobierno nacional \u201cque homologue la pr\u00f3rroga de la Emergencia Agropecuaria [&hellip;]<\/p>\n","protected":false},"author":1,"featured_media":371,"comment_status":"open","ping_status":"open","sticky":false,"template":"","format":"standard","meta":{"_monsterinsights_skip_tracking":false,"_monsterinsights_sitenote_active":false,"_monsterinsights_sitenote_note":"","_monsterinsights_sitenote_category":0},"categories":[1],"tags":[],"_links":{"self":[{"href":"https:\/\/noticiasenred.net\/index.php\/wp-json\/wp\/v2\/posts\/370"}],"collection":[{"href":"https:\/\/noticiasenred.net\/index.php\/wp-json\/wp\/v2\/posts"}],"about":[{"href":"https:\/\/noticiasenred.net\/index.php\/wp-json\/wp\/v2\/types\/post"}],"author":[{"embeddable":true,"href":"https:\/\/noticiasenred.net\/index.php\/wp-json\/wp\/v2\/users\/1"}],"replies":[{"embeddable":true,"href":"https:\/\/noticiasenred.net\/index.php\/wp-json\/wp\/v2\/comments?post=370"}],"version-history":[{"count":1,"href":"https:\/\/noticiasenred.net\/index.php\/wp-json\/wp\/v2\/posts\/370\/revisions"}],"predecessor-version":[{"id":372,"href":"https:\/\/noticiasenred.net\/index.php\/wp-json\/wp\/v2\/posts\/370\/revisions\/372"}],"wp:featuredmedia":[{"embeddable":true,"href":"https:\/\/noticiasenred.net\/index.php\/wp-json\/wp\/v2\/media\/371"}],"wp:attachment":[{"href":"https:\/\/noticiasenred.net\/index.php\/wp-json\/wp\/v2\/media?parent=370"}],"wp:term":[{"taxonomy":"category","embeddable":true,"href":"https:\/\/noticiasenred.net\/index.php\/wp-json\/wp\/v2\/categories?post=370"},{"taxonomy":"post_tag","embeddable":true,"href":"https:\/\/noticiasenred.net\/index.php\/wp-json\/wp\/v2\/tags?post=370"}],"curies":[{"name":"wp","href":"https:\/\/api.w.org\/{rel}","templated":true}]}}