{"id":155,"date":"2022-09-09T16:26:56","date_gmt":"2022-09-09T16:26:56","guid":{"rendered":"http:\/\/noticiasenred.net\/?p=155"},"modified":"2022-09-09T16:26:56","modified_gmt":"2022-09-09T16:26:56","slug":"valdes-reclamo-tarifas-diferenciales-de-energia-y-terminar-con-las-asimetrias","status":"publish","type":"post","link":"https:\/\/noticiasenred.net\/index.php\/2022\/09\/09\/valdes-reclamo-tarifas-diferenciales-de-energia-y-terminar-con-las-asimetrias\/","title":{"rendered":"VALD\u00c9S RECLAM\u00d3 TARIFAS DIFERENCIALES DE ENERG\u00cdA Y TERMINAR CON LAS ASIMETR\u00cdAS"},"content":{"rendered":"\n<p>El mandatario advirti\u00f3 que ser\u00e1 duro el golpe a los bolsillos de los correntinos por la segmentaci\u00f3n tarifaria. Exigi\u00f3 respuestas urgentes del Gobierno nacional y avanzar en obras como el aeropuerto de Paso de los Libres.\u00a0<\/p>\n\n\n\n<p><\/p>\n\n\n\n<figure class=\"wp-block-image size-full\"><img loading=\"lazy\" width=\"770\" height=\"440\" src=\"https:\/\/noticiasenred.net\/wp-content\/uploads\/2022\/09\/1662695944909.webp\" alt=\"\" class=\"wp-image-156\" srcset=\"https:\/\/noticiasenred.net\/wp-content\/uploads\/2022\/09\/1662695944909.webp 770w, https:\/\/noticiasenred.net\/wp-content\/uploads\/2022\/09\/1662695944909-300x171.webp 300w, https:\/\/noticiasenred.net\/wp-content\/uploads\/2022\/09\/1662695944909-768x439.webp 768w\" sizes=\"(max-width: 770px) 100vw, 770px\" \/><\/figure>\n\n\n\n<p>El gobernador Gustavo Vald\u00e9s reclam\u00f3 ayer tarifas diferenciales de energ\u00eda el\u00e9ctrica para las provincias que integran el NEA y NOA, y otras pol\u00edticas, como la autorizaci\u00f3n para obras y habilitar as\u00ed, nuevamente, el aeropuerto de Paso de los Libres \u201cpara terminar con asimetr\u00edas estructurales\u201d.&nbsp;<\/p>\n\n\n\n<p>El pedido del mandatario se escuch\u00f3 en la 13\u00aa Asamblea de Gobernadores del Consejo Regional del Norte Grande Argentino y de la 1\u00aa Expo Norte Grande, que se realiza en Resistencia.&nbsp;<\/p>\n\n\n\n<p>A modo de conclusi\u00f3n de la reuni\u00f3n, los gobernadores volvieron a solicitar la necesidad de avanzar en tarifas energ\u00e9ticas diferenciales para las 10 provincias del Norte Grande. Tambi\u00e9n se expusieron los avances del Corredor Bioce\u00e1nico, \u201cun plan para desarrollar la Red Federal de Laboratorios P\u00fablicos, que busca abaratar el costo y mejorar la provisi\u00f3n de medicamentos\u201d, detall\u00f3 Vald\u00e9s y agreg\u00f3 que \u201ceste es un proyecto federal para el financiamiento de nuestra industria audiovisual\u201d.&nbsp;<\/p>\n\n\n\n<p>Remarc\u00f3 que \u201cseguimos impulsando una agenda com\u00fan para terminar con asimetr\u00edas estructurales\u201d y a la vez indic\u00f3 que el objetivo de estas acciones es avanzar con un plan de infraestructura en pos del desarrollo de la regi\u00f3n: \u201cTrabajamos por una reivindicaci\u00f3n hist\u00f3rica que garantice igualdad de oportunidades para todos\u201d, sostuvo.<\/p>\n\n\n\n<p>El evento reuni\u00f3 en el Centro de Convenciones Gala de la Capital chaque\u00f1a, adem\u00e1s de Vald\u00e9s, a los gobernadores de Santiago del Estero y presidente pro tempore del Consejo Regional del Norte Grande, Gerardo Zamora; de Misiones, Oscar Herrera Ahuad; Formosa, Gildo Insfr\u00e1n; de Jujuy, Gerardo Morales; Tucum\u00e1n, Osvaldo Jaldo; de La Rioja, Ricardo Quintela; de Chaco, el anfitri\u00f3n Jorge Capitanich; y los vicegobernadores de Salta, Antonio Marocco; y de Catamarca, Rub\u00e9n Dusso. Mientras que en representaci\u00f3n del Gobierno nacional, estuvieron presentes el jefe de Gabinete de la Naci\u00f3n, Juan Manzur; los ministros del Interior, Eduardo De Pedro; y de Salud, Carla Vizzotti; entre otros.<\/p>\n","protected":false},"excerpt":{"rendered":"<p>El mandatario advirti\u00f3 que ser\u00e1 duro el golpe a los bolsillos de los correntinos por la segmentaci\u00f3n tarifaria. Exigi\u00f3 respuestas urgentes del Gobierno nacional y avanzar en obras como el aeropuerto de Paso de los Libres.\u00a0 El gobernador Gustavo Vald\u00e9s reclam\u00f3 ayer tarifas diferenciales de energ\u00eda el\u00e9ctrica para las provincias que integran el NEA y [&hellip;]<\/p>\n","protected":false},"author":1,"featured_media":156,"comment_status":"open","ping_status":"open","sticky":false,"template":"","format":"standard","meta":{"_monsterinsights_skip_tracking":false,"_monsterinsights_sitenote_active":false,"_monsterinsights_sitenote_note":"","_monsterinsights_sitenote_category":0},"categories":[1],"tags":[],"_links":{"self":[{"href":"https:\/\/noticiasenred.net\/index.php\/wp-json\/wp\/v2\/posts\/155"}],"collection":[{"href":"https:\/\/noticiasenred.net\/index.php\/wp-json\/wp\/v2\/posts"}],"about":[{"href":"https:\/\/noticiasenred.net\/index.php\/wp-json\/wp\/v2\/types\/post"}],"author":[{"embeddable":true,"href":"https:\/\/noticiasenred.net\/index.php\/wp-json\/wp\/v2\/users\/1"}],"replies":[{"embeddable":true,"href":"https:\/\/noticiasenred.net\/index.php\/wp-json\/wp\/v2\/comments?post=155"}],"version-history":[{"count":1,"href":"https:\/\/noticiasenred.net\/index.php\/wp-json\/wp\/v2\/posts\/155\/revisions"}],"predecessor-version":[{"id":157,"href":"https:\/\/noticiasenred.net\/index.php\/wp-json\/wp\/v2\/posts\/155\/revisions\/157"}],"wp:featuredmedia":[{"embeddable":true,"href":"https:\/\/noticiasenred.net\/index.php\/wp-json\/wp\/v2\/media\/156"}],"wp:attachment":[{"href":"https:\/\/noticiasenred.net\/index.php\/wp-json\/wp\/v2\/media?parent=155"}],"wp:term":[{"taxonomy":"category","embeddable":true,"href":"https:\/\/noticiasenred.net\/index.php\/wp-json\/wp\/v2\/categories?post=155"},{"taxonomy":"post_tag","embeddable":true,"href":"https:\/\/noticiasenred.net\/index.php\/wp-json\/wp\/v2\/tags?post=155"}],"curies":[{"name":"wp","href":"https:\/\/api.w.org\/{rel}","templated":true}]}}